{"id":1351,"date":"2026-09-03T20:19:49","date_gmt":"2026-09-03T20:19:49","guid":{"rendered":"https:\/\/chateaudeblagnac.fr\/?p=1351"},"modified":"2026-09-03T20:54:40","modified_gmt":"2026-09-03T20:54:40","slug":"2026-lysianne","status":"publish","type":"post","link":"https:\/\/chateaudeblagnac.fr\/?p=1351","title":{"rendered":"2026 Lysianne"},"content":{"rendered":"\t\t<div data-elementor-type=\"wp-post\" data-elementor-id=\"1351\" class=\"elementor elementor-1351\" data-elementor-post-type=\"post\">\n\t\t\t\t<div class=\"elementor-element elementor-element-6110c98 e-con e-atomic-element e-flexbox-base e-1a9c48a \" data-id=\"6110c98\" data-element_type=\"e-flexbox\" data-e-type=\"e-flexbox\" data-interaction-id=\"6110c98\" data-e-type=\"e-flexbox\" data-id=\"6110c98\">\n    \t\t\t<div class=\"elementor-element elementor-element-1yt5vrq e-con e-atomic-element e-flexbox-base e-d9b84a8-6c5b2f7 \" data-id=\"1yt5vrq\" data-element_type=\"e-flexbox\" data-e-type=\"e-flexbox\" data-interaction-id=\"d9b84a8\" data-e-type=\"e-flexbox\" data-id=\"1yt5vrq\">\n    \t\t\t<h2 data-interaction-id=\"cb7630f\" class=\"e-cb7630f-4e12e7e e-heading-base\" data-e-type=\"widget\" data-id=\"0fbaxjg\">Balade Po\u00e9tique avec l\u2019\u00e9crivaine Lysianne Roland.  Suivie de visite guid\u00e9e du ch\u00e2teau - Journ\u00e9e du patrimoine<\/h2>\n\t\t\t\t\t<h2 data-interaction-id=\"cf61c23\" class=\"e-cf61c23-bf850c9 e-heading-base\" data-e-type=\"widget\" data-id=\"0f9j2eh\">Dimanche 20 septembre&nbsp; a 14h00<\/h2>\n\t\t\n<\/div>\n\n\t\t\n<\/div>\n<div class=\"elementor-element elementor-element-100f489 e-con e-atomic-element e-flexbox-base e-ef625f5 \" data-id=\"100f489\" data-element_type=\"e-flexbox\" data-e-type=\"e-flexbox\" data-interaction-id=\"100f489\" data-e-type=\"e-flexbox\" data-id=\"100f489\">\n    \t\t<div class=\"elementor-element elementor-element-df40046 elementor-widget elementor-widget-spacer\" data-id=\"df40046\" data-element_type=\"widget\" data-e-type=\"widget\" data-widget_type=\"spacer.default\">\n\t\t\t\t<div class=\"elementor-widget-container\">\n\t\t\t\t\t\t\t<div class=\"elementor-spacer\">\n\t\t\t<div class=\"elementor-spacer-inner\"><\/div>\n\t\t<\/div>\n\t\t\t\t\t\t<\/div>\n\t\t\t\t<\/div>\n\t\t\t\t\t<div class=\"elementor-element elementor-element-1jyyup0 e-con e-atomic-element e-flexbox-base e-a1d21fe-3d84806 \" data-id=\"1jyyup0\" data-element_type=\"e-flexbox\" data-e-type=\"e-flexbox\" data-interaction-id=\"a1d21fe\" data-e-type=\"e-flexbox\" data-id=\"1jyyup0\">\n    \t\t\t<h3 data-interaction-id=\"6d202c0\" class=\"e-6d202c0-91de498 e-heading-base\" data-e-type=\"widget\" data-id=\"1yfp0lm\">Dans le parc du ch\u00e2teau, au d\u00e9tour d\u2019un sentier, l\u00e0 o\u00f9 les pas ralentissent et o\u00f9 les regards s\u2019attardent, s\u2019ouvre un jardin de mots, de murmures et de songes, un jardin pas comme les autres.Cette balade cont\u00e9e po\u00e9tique invite petits et grands \u00e0 franchir les portes de l\u2019imaginaire. Au fil des all\u00e9es, les histoires prennent racine, les po\u00e8mes se d\u00e9posent comme des p\u00e9tales au creux des oreilles, chaque recoin devient une sc\u00e8ne, chaque arbre un confident, chaque fleur une promesse d\u2019\u00e9vasion.Vous voyagerez \u00e0 travers des jardins d\u2019ici ou d\u2019ailleurs : jardins secrets, jardins enchant\u00e9s, jardins oubli\u00e9s. Entre r\u00e9alit\u00e9 et r\u00eaverie, la nature se fait complice et r\u00e9v\u00e8le ses tr\u00e9sors cach\u00e9s.Je vous invite \u00e0 ralentir, \u00e0 \u00e9couter, \u00e0 ressentir et \u00e0 red\u00e9couvrir le lien subtil qui unit l\u2019homme \u00e0 la nature.Laissez-vous porter par cette promenade sensible o\u00f9 les mots fleurissent et o\u00f9 l\u2019imaginaire s\u2019\u00e9panouit \u00e0 chaque pas !<\/h3>\n\t\t\t\t\t\n<hr class=\"e-482b9e9-0ef5725 e-divider-base\" data-interaction-id=\"482b9e9\"  data-e-type=\"widget\" data-id=\"1udoohu\" \/>\n\t\t\t\t\t<h3 data-interaction-id=\"1b4cd58\" class=\"e-1b4cd58-0467bb6 e-heading-base\" data-e-type=\"widget\" data-id=\"0xsh2gm\">RESERVATION CONSEILL\u00c9 \/ NOMBRE DE PLACES LIMIT\u00c9S<\/h3>\n\t\t\t\t\t\n<hr class=\"e-b0b4323-906cbbd e-divider-base\" data-interaction-id=\"b0b4323\"  data-e-type=\"widget\" data-id=\"1bcq5pp\" \/>\n\t\t\t\t\t<p class=\"e-479be96-6c9247f e-paragraph-base\" data-interaction-id=\"479be96\" data-e-type=\"widget\" data-id=\"03yk1bd\">Tarif: 10 euros (gratuit pour les - 12 ans)<br><br>cabaraatlantique21@gmail.com ou tel: 07 62 65 94 36<\/p>\n\t\t\t\t\t\n<hr class=\"e-c32d7b1-5c1f9f9 e-divider-base\" data-interaction-id=\"c32d7b1\"  data-e-type=\"widget\" data-id=\"04217h5\" \/>\n\t\t\n<\/div>\n\n\t\t\n<\/div>\n<div class=\"elementor-element elementor-element-7d3ffc5 e-con e-atomic-element e-flexbox-base e-a0fe614 \" data-id=\"7d3ffc5\" data-element_type=\"e-flexbox\" data-e-type=\"e-flexbox\" data-interaction-id=\"7d3ffc5\" data-e-type=\"e-flexbox\" data-id=\"7d3ffc5\">\n    <div class=\"elementor-element elementor-element-86ef12f e-con e-atomic-element e-flexbox-base e-86ef12f-fa6777a \" data-id=\"86ef12f\" data-element_type=\"e-flexbox\" data-e-type=\"e-flexbox\" data-interaction-id=\"86ef12f\" data-e-type=\"e-flexbox\" data-id=\"86ef12f\">\n    \t\t<div class=\"elementor-element elementor-element-d81b881 elementor-widget elementor-widget-spacer\" data-id=\"d81b881\" data-element_type=\"widget\" data-e-type=\"widget\" data-widget_type=\"spacer.default\">\n\t\t\t\t<div class=\"elementor-widget-container\">\n\t\t\t\t\t\t\t<div class=\"elementor-spacer\">\n\t\t\t<div class=\"elementor-spacer-inner\"><\/div>\n\t\t<\/div>\n\t\t\t\t\t\t<\/div>\n\t\t\t\t<\/div>\n\t\t\t\t\t<a href=\"#reserveerveldlysianne26\" target=\"_self\" class=\"e-d3de2b0-3e8f679 e-button-base\" data-interaction-id=\"d3de2b0\" data-e-type=\"widget\" data-id=\"d3de2b0\">\n\t\tRESERVER PAR EMAIL, PHONE OU CLIQUER ICI\n\t<\/a>\t\t\t\t<div class=\"elementor-element elementor-element-91b9135 elementor-widget elementor-widget-spacer\" data-id=\"91b9135\" data-element_type=\"widget\" data-e-type=\"widget\" data-widget_type=\"spacer.default\">\n\t\t\t\t<div class=\"elementor-widget-container\">\n\t\t\t\t\t\t\t<div class=\"elementor-spacer\">\n\t\t\t<div class=\"elementor-spacer-inner\"><\/div>\n\t\t<\/div>\n\t\t\t\t\t\t<\/div>\n\t\t\t\t<\/div>\n\t\t\n<\/div>\n\n<\/div>\n<div class=\"elementor-element elementor-element-ea9d66f e-con e-atomic-element e-flexbox-base e-32e9fdc \" data-id=\"ea9d66f\" data-element_type=\"e-flexbox\" data-e-type=\"e-flexbox\" data-interaction-id=\"ea9d66f\" data-e-type=\"e-flexbox\" data-id=\"ea9d66f\">\n    \t\t<div class=\"elementor-element elementor-element-872110f elementor-widget elementor-widget-spacer\" data-id=\"872110f\" data-element_type=\"widget\" data-e-type=\"widget\" data-widget_type=\"spacer.default\">\n\t\t\t\t<div class=\"elementor-widget-container\">\n\t\t\t\t\t\t\t<div class=\"elementor-spacer\">\n\t\t\t<div class=\"elementor-spacer-inner\"><\/div>\n\t\t<\/div>\n\t\t\t\t\t\t<\/div>\n\t\t\t\t<\/div>\n\t\t\t\t\t<img fetchpriority=\"high\" decoding=\"async\" class=\"e-image-base \" data-interaction-id=\"00eac6c\" data-e-type=\"widget\" data-id=\"00eac6c\" id=\"1352\" src=\"https:\/\/chateaudeblagnac.fr\/wp-content\/uploads\/2026\/09\/lysianne-1.jpg\" width=\"480\" height=\"640\" srcset=\"https:\/\/chateaudeblagnac.fr\/wp-content\/uploads\/2026\/09\/lysianne-1.jpg 480w, https:\/\/chateaudeblagnac.fr\/wp-content\/uploads\/2026\/09\/lysianne-1-225x300.jpg 225w\" alt=\"\"\/>\t\t\t\t<div class=\"elementor-element elementor-element-c3d00da elementor-widget elementor-widget-spacer\" data-id=\"c3d00da\" data-element_type=\"widget\" data-e-type=\"widget\" data-widget_type=\"spacer.default\">\n\t\t\t\t<div class=\"elementor-widget-container\">\n\t\t\t\t\t\t\t<div class=\"elementor-spacer\">\n\t\t\t<div class=\"elementor-spacer-inner\"><\/div>\n\t\t<\/div>\n\t\t\t\t\t\t<\/div>\n\t\t\t\t<\/div>\n\t\t\n<\/div>\n<div class=\"elementor-element elementor-element-18196ff e-con e-atomic-element e-flexbox-base e-d86c40e \" data-id=\"18196ff\" data-element_type=\"e-flexbox\" data-e-type=\"e-flexbox\" data-interaction-id=\"18196ff\" data-e-type=\"e-flexbox\" data-id=\"18196ff\">\n    <div class=\"elementor-element elementor-element-c92cb70 e-flex e-con-boxed e-con e-parent\" data-id=\"c92cb70\" data-element_type=\"container\" data-e-type=\"container\" id=\"reserveerveldlysianne26\">\n\t\t\t\t\t<div class=\"e-con-inner\">\n\t\t\t\t<div class=\"elementor-element elementor-element-d26c8e8 elementor-widget elementor-widget-heading\" data-id=\"d26c8e8\" data-element_type=\"widget\" data-e-type=\"widget\" data-widget_type=\"heading.default\">\n\t\t\t\t<div class=\"elementor-widget-container\">\n\t\t\t\t\t<h2 class=\"elementor-heading-title elementor-size-default\">RESERVER VOS PLACES POUR LA BALADE POETIQUE AVEC lYSIANNE ROLAND -   Suivie de visite guid\u00e9e du ch\u00e2teau<\/h2>\t\t\t\t<\/div>\n\t\t\t\t<\/div>\n\t\t\t\t<div class=\"elementor-element elementor-element-80ccff8 elementor-button-align-stretch elementor-widget elementor-widget-form\" data-id=\"80ccff8\" data-element_type=\"widget\" data-e-type=\"widget\" data-settings=\"{&quot;step_next_label&quot;:&quot;Volgende&quot;,&quot;step_previous_label&quot;:&quot;Vorige&quot;,&quot;button_width&quot;:&quot;100&quot;,&quot;step_type&quot;:&quot;number_text&quot;,&quot;step_icon_shape&quot;:&quot;circle&quot;}\" data-widget_type=\"form.default\">\n\t\t\t\t<div class=\"elementor-widget-container\">\n\t\t\t\t\t\t\t<form class=\"elementor-form\" method=\"post\" id=\"2026reserveringen\" name=\"reserveerveldbru26\" aria-label=\"reserveerveldbru26\">\n\t\t\t<input type=\"hidden\" name=\"post_id\" value=\"1351\"\/>\n\t\t\t<input type=\"hidden\" name=\"form_id\" value=\"80ccff8\"\/>\n\t\t\t<input type=\"hidden\" name=\"referer_title\" value=\"\" \/>\n\n\t\t\t\n\t\t\t<div class=\"elementor-form-fields-wrapper elementor-labels-above\">\n\t\t\t\t\t\t\t\t<div class=\"elementor-field-type-text elementor-field-group elementor-column elementor-field-group-field_e49de37 elementor-col-100 elementor-field-required\">\n\t\t\t\t\t\t\t\t\t\t\t\t<label for=\"form-field-field_e49de37\" class=\"elementor-field-label\">\n\t\t\t\t\t\t\t\tNOM\t\t\t\t\t\t\t<\/label>\n\t\t\t\t\t\t\t\t\t\t\t\t\t\t<input size=\"1\" type=\"text\" name=\"form_fields[field_e49de37]\" id=\"form-field-field_e49de37\" class=\"elementor-field elementor-size-sm  elementor-field-textual\" required=\"required\">\n\t\t\t\t\t\t\t\t\t\t\t<\/div>\n\t\t\t\t\t\t\t\t<div class=\"elementor-field-type-text elementor-field-group elementor-column elementor-field-group-field_c9b29ff elementor-col-100 elementor-field-required\">\n\t\t\t\t\t\t\t\t\t\t\t\t<label for=\"form-field-field_c9b29ff\" class=\"elementor-field-label\">\n\t\t\t\t\t\t\t\tE-MAIL\t\t\t\t\t\t\t<\/label>\n\t\t\t\t\t\t\t\t\t\t\t\t\t\t<input size=\"1\" type=\"text\" name=\"form_fields[field_c9b29ff]\" id=\"form-field-field_c9b29ff\" class=\"elementor-field elementor-size-sm  elementor-field-textual\" required=\"required\">\n\t\t\t\t\t\t\t\t\t\t\t<\/div>\n\t\t\t\t\t\t\t\t<div class=\"elementor-field-type-textarea elementor-field-group elementor-column elementor-field-group-message elementor-col-100 elementor-field-required\">\n\t\t\t\t\t\t\t\t\t\t\t\t<label for=\"form-field-message\" class=\"elementor-field-label\">\n\t\t\t\t\t\t\t\tNOMBRE DE PLACE \/ HEURE \/ MESSAGE\t\t\t\t\t\t\t<\/label>\n\t\t\t\t\t\t<textarea class=\"elementor-field-textual elementor-field  elementor-size-sm\" name=\"form_fields[message]\" id=\"form-field-message\" rows=\"3\" placeholder=\"Bericht\" required=\"required\"><\/textarea>\t\t\t\t<\/div>\n\t\t\t\t\t\t\t\t<div class=\"elementor-field-group elementor-column elementor-field-type-submit elementor-col-100 e-form__buttons\">\n\t\t\t\t\t<button class=\"elementor-button elementor-size-md\" type=\"submit\" id=\"envoyer_reservation\">\n\t\t\t\t\t\t<span class=\"elementor-button-content-wrapper\">\n\t\t\t\t\t\t\t\t\t\t\t\t\t\t\t\t\t\t\t\t\t\t<span class=\"elementor-button-text\">ENVOYER<\/span>\n\t\t\t\t\t\t\t\t\t\t\t\t\t<\/span>\n\t\t\t\t\t<\/button>\n\t\t\t\t<\/div>\n\t\t\t<\/div>\n\t\t<\/form>\n\t\t\t\t\t\t<\/div>\n\t\t\t\t<\/div>\n\t\t\t\t\t<\/div>\n\t\t\t\t<\/div>\n\t\t\n<\/div>\n\t\t<\/div>\n\t\t","protected":false},"excerpt":{"rendered":"<p>Dimanche 20 septembre  \/Journ\u00e9e du patrimoine a 14h00<br \/>\nBalade Po\u00e9tique dans le parc du ch\u00e2teau avec l\u2019\u00e9crivaine Lysianne Roland<br \/>\nSuivie de visite guid\u00e9e du ch\u00e2teau.<\/p>\n","protected":false},"author":1,"featured_media":1352,"comment_status":"closed","ping_status":"closed","sticky":false,"template":"","format":"standard","meta":{"_acf_changed":false,"_angie_page":false,"page_builder":"","footnotes":""},"categories":[9],"tags":[],"class_list":["post-1351","post","type-post","status-publish","format-standard","has-post-thumbnail","hentry","category-jaar-2026"],"acf":[],"_links":{"self":[{"href":"https:\/\/chateaudeblagnac.fr\/index.php?rest_route=\/wp\/v2\/posts\/1351","targetHints":{"allow":["GET"]}}],"collection":[{"href":"https:\/\/chateaudeblagnac.fr\/index.php?rest_route=\/wp\/v2\/posts"}],"about":[{"href":"https:\/\/chateaudeblagnac.fr\/index.php?rest_route=\/wp\/v2\/types\/post"}],"author":[{"embeddable":true,"href":"https:\/\/chateaudeblagnac.fr\/index.php?rest_route=\/wp\/v2\/users\/1"}],"replies":[{"embeddable":true,"href":"https:\/\/chateaudeblagnac.fr\/index.php?rest_route=%2Fwp%2Fv2%2Fcomments&post=1351"}],"version-history":[{"count":28,"href":"https:\/\/chateaudeblagnac.fr\/index.php?rest_route=\/wp\/v2\/posts\/1351\/revisions"}],"predecessor-version":[{"id":1386,"href":"https:\/\/chateaudeblagnac.fr\/index.php?rest_route=\/wp\/v2\/posts\/1351\/revisions\/1386"}],"wp:featuredmedia":[{"embeddable":true,"href":"https:\/\/chateaudeblagnac.fr\/index.php?rest_route=\/wp\/v2\/media\/1352"}],"wp:attachment":[{"href":"https:\/\/chateaudeblagnac.fr\/index.php?rest_route=%2Fwp%2Fv2%2Fmedia&parent=1351"}],"wp:term":[{"taxonomy":"category","embeddable":true,"href":"https:\/\/chateaudeblagnac.fr\/index.php?rest_route=%2Fwp%2Fv2%2Fcategories&post=1351"},{"taxonomy":"post_tag","embeddable":true,"href":"https:\/\/chateaudeblagnac.fr\/index.php?rest_route=%2Fwp%2Fv2%2Ftags&post=1351"}],"curies":[{"name":"wp","href":"https:\/\/api.w.org\/{rel}","templated":true}]}}